{"id":5137,"date":"2025-06-12T15:20:56","date_gmt":"2025-06-12T18:20:56","guid":{"rendered":"https:\/\/magma-amgm.org\/lamgm-participe-au-forum-municipal-de-la-ville-de-dieppe-grandir-ensemble\/"},"modified":"2025-08-21T10:58:09","modified_gmt":"2025-08-21T13:58:09","slug":"lamgm-participe-au-forum-municipal-de-la-ville-de-dieppe-grandir-ensemble","status":"publish","type":"post","link":"https:\/\/magma-amgm.org\/lamgm-participe-au-forum-municipal-de-la-ville-de-dieppe-grandir-ensemble\/?lang=fr","title":{"rendered":"L&#8217;AMGM participe au forum municipal &#8220;Grandir ensemble&#8221; de la ville de Dieppe"},"content":{"rendered":"<div class=\"fusion-fullwidth fullwidth-box fusion-builder-row-1 fusion-flex-container has-pattern-background has-mask-background nonhundred-percent-fullwidth non-hundred-percent-height-scrolling\" style=\"--awb-border-radius-top-left:0px;--awb-border-radius-top-right:0px;--awb-border-radius-bottom-right:0px;--awb-border-radius-bottom-left:0px;--awb-flex-wrap:wrap;\" ><div class=\"fusion-builder-row fusion-row fusion-flex-align-items-flex-start fusion-flex-content-wrap\" style=\"max-width:1193.4px;margin-left: calc(-2% \/ 2 );margin-right: calc(-2% \/ 2 );\"><div class=\"fusion-layout-column fusion_builder_column fusion-builder-column-0 fusion_builder_column_1_1 1_1 fusion-flex-column\" style=\"--awb-bg-size:cover;--awb-width-large:100%;--awb-margin-top-large:0px;--awb-spacing-right-large:0.98%;--awb-margin-bottom-large:20px;--awb-spacing-left-large:0.98%;--awb-width-medium:100%;--awb-order-medium:0;--awb-spacing-right-medium:0.98%;--awb-spacing-left-medium:0.98%;--awb-width-small:100%;--awb-order-small:0;--awb-spacing-right-small:0.98%;--awb-spacing-left-small:0.98%;\"><div class=\"fusion-column-wrapper fusion-column-has-shadow fusion-flex-justify-content-flex-start fusion-content-layout-column\"><div class=\"fusion-separator\" style=\"align-self: flex-start;margin-right:auto;margin-bottom:30px;width:100%;max-width:200px;\"><div class=\"fusion-separator-border sep-single sep-solid\" style=\"--awb-height:20px;--awb-amount:20px;--awb-sep-color:var(--awb-color4);border-color:var(--awb-color4);border-top-width:3px;\"><\/div><\/div><div class=\"fusion-text fusion-text-1\"><p><img decoding=\"async\" class=\"lazyload  alignright\" src=\"data:image\/svg+xml,%3Csvg%20xmlns%3D%27http%3A%2F%2Fwww.w3.org%2F2000%2Fsvg%27%20width%3D%27372%27%20height%3D%27278%27%20viewBox%3D%270%200%20372%20278%27%3E%3Crect%20width%3D%27372%27%20height%3D%27278%27%20fill-opacity%3D%220%22%2F%3E%3C%2Fsvg%3E\" data-orig-src=\"http:\/\/magma-amgm.org\/wp-content\/uploads\/2025\/06\/IMG_8573.jpg\" width=\"372\" height=\"278\"><\/p>\n<p>Nous avons le plaisir de vous pr\u00e9senter un aper\u00e7u de notre participation au r\u00e9cent forum municipal de la ville de Dieppe, intitul\u00e9 \u00ab Grandir ensemble \u00bb.<\/p>\n<p>Cet \u00e9v\u00e9nement bien organis\u00e9 a offert aux membres de la communaut\u00e9 et aux organisations locales une occasion pr\u00e9cieuse de s&#8217;informer sur les principaux projets municipaux et de dialoguer directement avec le personnel et les d\u00e9cideurs de la ville. Le forum a mis en lumi\u00e8re la vision de la ville pour l&#8217;avenir gr\u00e2ce \u00e0 des pr\u00e9sentations courtes et accessibles et \u00e0 des stands interactifs, couvrant une s\u00e9rie de sujets importants, notamment : <\/p>\n<ul>\n<li>Francophonie et identit\u00e9 dieppoise<\/li>\n<li>Immigration et accueil communautaire<\/li>\n<li>L&#8217;environnement et notre lien avec la nature<\/li>\n<li>Transport en commun<\/li>\n<li>D\u00e9veloppement et densification des quartiers<\/li>\n<li>L&#8217;extension du boulevard de Dieppe<\/li>\n<li>Engagement des r\u00e9sidents<\/li>\n<\/ul>\n<p>L&#8217;AMGM \u00e9tait fi\u00e8re d&#8217;assister et de contribuer aux discussions, en particulier celles ax\u00e9es sur l&#8217;immigration, l&#8217;inclusion et la construction de la communaut\u00e9. L&#8217;\u00e9v\u00e9nement a offert une plateforme significative pour le dialogue, la collaboration et l&#8217;apprentissage partag\u00e9, en accord \u00e9troit avec notre mission de soutenir une communaut\u00e9 accueillante et inclusive pour tous. <\/p>\n<p><img decoding=\"async\" class=\"lazyload alignnone \" src=\"data:image\/svg+xml,%3Csvg%20xmlns%3D%27http%3A%2F%2Fwww.w3.org%2F2000%2Fsvg%27%20width%3D%27334%27%20height%3D%27445%27%20viewBox%3D%270%200%20334%20445%27%3E%3Crect%20width%3D%27334%27%20height%3D%27445%27%20fill-opacity%3D%220%22%2F%3E%3C%2Fsvg%3E\" data-orig-src=\"http:\/\/magma-amgm.org\/wp-content\/uploads\/2025\/06\/IMG_8584.jpg\" width=\"334\" height=\"445\">   <img decoding=\"async\" class=\"lazyload alignnone \" src=\"data:image\/svg+xml,%3Csvg%20xmlns%3D%27http%3A%2F%2Fwww.w3.org%2F2000%2Fsvg%27%20width%3D%27334%27%20height%3D%27445%27%20viewBox%3D%270%200%20334%20445%27%3E%3Crect%20width%3D%27334%27%20height%3D%27445%27%20fill-opacity%3D%220%22%2F%3E%3C%2Fsvg%3E\" data-orig-src=\"http:\/\/magma-amgm.org\/wp-content\/uploads\/2025\/06\/IMG_8586.jpg\" width=\"334\" height=\"445\">   <img decoding=\"async\" class=\"lazyload alignnone \" src=\"data:image\/svg+xml,%3Csvg%20xmlns%3D%27http%3A%2F%2Fwww.w3.org%2F2000%2Fsvg%27%20width%3D%27334%27%20height%3D%27445%27%20viewBox%3D%270%200%20334%20445%27%3E%3Crect%20width%3D%27334%27%20height%3D%27445%27%20fill-opacity%3D%220%22%2F%3E%3C%2Fsvg%3E\" data-orig-src=\"http:\/\/magma-amgm.org\/wp-content\/uploads\/2025\/06\/IMG_8576.jpg\" width=\"334\" height=\"445\"><\/p>\n<\/div><div class=\"fusion-text fusion-text-2\"><blockquote>\n<h3><strong>L&#8217;AMGM participe au forum municipal &#8220;Grandir ensemble&#8221; de la ville de Dieppe<\/strong><\/h3>\n<\/blockquote>\n<\/div><\/div><\/div><\/div><\/div>\n","protected":false},"excerpt":{"rendered":"","protected":false},"author":5,"featured_media":5141,"comment_status":"open","ping_status":"open","sticky":false,"template":"","format":"standard","meta":{"footnotes":""},"categories":[4],"tags":[],"class_list":["post-5137","post","type-post","status-publish","format-standard","has-post-thumbnail","hentry","category-non-classifiee"],"yoast_head":"<!-- This site is optimized with the Yoast SEO plugin v25.3 - https:\/\/yoast.com\/wordpress\/plugins\/seo\/ -->\n<title>L&#039;AMGM participe au forum municipal &quot;Grandir ensemble&quot; de la ville de Dieppe - MAGMA-AMGM<\/title>\n<meta name=\"robots\" content=\"index, follow, max-snippet:-1, max-image-preview:large, max-video-preview:-1\" \/>\n<link rel=\"canonical\" href=\"https:\/\/magma-amgm.org\/lamgm-participe-au-forum-municipal-de-la-ville-de-dieppe-grandir-ensemble\/\" \/>\n<meta property=\"og:locale\" content=\"en_US\" \/>\n<meta property=\"og:type\" content=\"article\" \/>\n<meta property=\"og:title\" content=\"L&#039;AMGM participe au forum municipal &quot;Grandir ensemble&quot; de la ville de Dieppe - MAGMA-AMGM\" \/>\n<meta property=\"og:url\" content=\"https:\/\/magma-amgm.org\/lamgm-participe-au-forum-municipal-de-la-ville-de-dieppe-grandir-ensemble\/?lang=fr\" \/>\n<meta property=\"og:site_name\" content=\"MAGMA-AMGM\" \/>\n<meta property=\"article:published_time\" content=\"2025-06-12T18:20:56+00:00\" \/>\n<meta property=\"article:modified_time\" content=\"2025-08-21T13:58:09+00:00\" \/>\n<meta property=\"og:image\" content=\"https:\/\/magma-amgm.org\/wp-content\/uploads\/2025\/06\/IMG_8573-2.jpg\" \/>\n\t<meta property=\"og:image:width\" content=\"605\" \/>\n\t<meta property=\"og:image:height\" content=\"453\" \/>\n\t<meta property=\"og:image:type\" content=\"image\/jpeg\" \/>\n<meta name=\"author\" content=\"Alaa\" \/>\n<meta name=\"twitter:card\" content=\"summary_large_image\" \/>\n<meta name=\"twitter:label1\" content=\"Written by\" \/>\n\t<meta name=\"twitter:data1\" content=\"Alaa\" \/>\n\t<meta name=\"twitter:label2\" content=\"Est. reading time\" \/>\n\t<meta name=\"twitter:data2\" content=\"7 minutes\" \/>\n<script type=\"application\/ld+json\" class=\"yoast-schema-graph\">{\"@context\":\"https:\/\/schema.org\",\"@graph\":[{\"@type\":\"Article\",\"@id\":\"https:\/\/magma-amgm.org\/lamgm-participe-au-forum-municipal-de-la-ville-de-dieppe-grandir-ensemble\/?lang=fr#article\",\"isPartOf\":{\"@id\":\"https:\/\/magma-amgm.org\/lamgm-participe-au-forum-municipal-de-la-ville-de-dieppe-grandir-ensemble\/?lang=fr\"},\"author\":{\"name\":\"Alaa\",\"@id\":\"https:\/\/magma-amgm.org\/#\/schema\/person\/ef1580a36b587b08179e05958636493b\"},\"headline\":\"L&#8217;AMGM participe au forum municipal &#8220;Grandir ensemble&#8221; de la ville de Dieppe\",\"datePublished\":\"2025-06-12T18:20:56+00:00\",\"dateModified\":\"2025-08-21T13:58:09+00:00\",\"mainEntityOfPage\":{\"@id\":\"https:\/\/magma-amgm.org\/lamgm-participe-au-forum-municipal-de-la-ville-de-dieppe-grandir-ensemble\/?lang=fr\"},\"wordCount\":1448,\"commentCount\":0,\"publisher\":{\"@id\":\"https:\/\/magma-amgm.org\/#organization\"},\"image\":{\"@id\":\"https:\/\/magma-amgm.org\/lamgm-participe-au-forum-municipal-de-la-ville-de-dieppe-grandir-ensemble\/?lang=fr#primaryimage\"},\"thumbnailUrl\":\"https:\/\/magma-amgm.org\/wp-content\/uploads\/2025\/06\/IMG_8573-2.jpg\",\"articleSection\":[\"Non classifi\u00e9(e)\"],\"inLanguage\":\"en-US\",\"potentialAction\":[{\"@type\":\"CommentAction\",\"name\":\"Comment\",\"target\":[\"https:\/\/magma-amgm.org\/lamgm-participe-au-forum-municipal-de-la-ville-de-dieppe-grandir-ensemble\/?lang=fr#respond\"]}]},{\"@type\":\"WebPage\",\"@id\":\"https:\/\/magma-amgm.org\/lamgm-participe-au-forum-municipal-de-la-ville-de-dieppe-grandir-ensemble\/?lang=fr\",\"url\":\"https:\/\/magma-amgm.org\/lamgm-participe-au-forum-municipal-de-la-ville-de-dieppe-grandir-ensemble\/?lang=fr\",\"name\":\"L'AMGM participe au forum municipal \\\"Grandir ensemble\\\" de la ville de Dieppe - MAGMA-AMGM\",\"isPartOf\":{\"@id\":\"https:\/\/magma-amgm.org\/#website\"},\"primaryImageOfPage\":{\"@id\":\"https:\/\/magma-amgm.org\/lamgm-participe-au-forum-municipal-de-la-ville-de-dieppe-grandir-ensemble\/?lang=fr#primaryimage\"},\"image\":{\"@id\":\"https:\/\/magma-amgm.org\/lamgm-participe-au-forum-municipal-de-la-ville-de-dieppe-grandir-ensemble\/?lang=fr#primaryimage\"},\"thumbnailUrl\":\"https:\/\/magma-amgm.org\/wp-content\/uploads\/2025\/06\/IMG_8573-2.jpg\",\"datePublished\":\"2025-06-12T18:20:56+00:00\",\"dateModified\":\"2025-08-21T13:58:09+00:00\",\"breadcrumb\":{\"@id\":\"https:\/\/magma-amgm.org\/lamgm-participe-au-forum-municipal-de-la-ville-de-dieppe-grandir-ensemble\/?lang=fr#breadcrumb\"},\"inLanguage\":\"en-US\",\"potentialAction\":[{\"@type\":\"ReadAction\",\"target\":[\"https:\/\/magma-amgm.org\/lamgm-participe-au-forum-municipal-de-la-ville-de-dieppe-grandir-ensemble\/?lang=fr\"]}]},{\"@type\":\"ImageObject\",\"inLanguage\":\"en-US\",\"@id\":\"https:\/\/magma-amgm.org\/lamgm-participe-au-forum-municipal-de-la-ville-de-dieppe-grandir-ensemble\/?lang=fr#primaryimage\",\"url\":\"https:\/\/magma-amgm.org\/wp-content\/uploads\/2025\/06\/IMG_8573-2.jpg\",\"contentUrl\":\"https:\/\/magma-amgm.org\/wp-content\/uploads\/2025\/06\/IMG_8573-2.jpg\",\"width\":605,\"height\":453},{\"@type\":\"BreadcrumbList\",\"@id\":\"https:\/\/magma-amgm.org\/lamgm-participe-au-forum-municipal-de-la-ville-de-dieppe-grandir-ensemble\/?lang=fr#breadcrumb\",\"itemListElement\":[{\"@type\":\"ListItem\",\"position\":1,\"name\":\"Home\",\"item\":\"https:\/\/magma-amgm.org\/\"},{\"@type\":\"ListItem\",\"position\":2,\"name\":\"L&rsquo;AMGM participe au forum municipal \u00ab\u00a0Grandir ensemble\u00a0\u00bb de la ville de Dieppe\"}]},{\"@type\":\"WebSite\",\"@id\":\"https:\/\/magma-amgm.org\/#website\",\"url\":\"https:\/\/magma-amgm.org\/\",\"name\":\"MAGMA-AMGM\",\"description\":\"Largest Settlement Agency for Newcomers in New Brunswick\",\"publisher\":{\"@id\":\"https:\/\/magma-amgm.org\/#organization\"},\"potentialAction\":[{\"@type\":\"SearchAction\",\"target\":{\"@type\":\"EntryPoint\",\"urlTemplate\":\"https:\/\/magma-amgm.org\/?s={search_term_string}\"},\"query-input\":{\"@type\":\"PropertyValueSpecification\",\"valueRequired\":true,\"valueName\":\"search_term_string\"}}],\"inLanguage\":\"en-US\"},{\"@type\":\"Organization\",\"@id\":\"https:\/\/magma-amgm.org\/#organization\",\"name\":\"Multicultural Agency of the Greater Moncton Area\",\"url\":\"https:\/\/magma-amgm.org\/\",\"logo\":{\"@type\":\"ImageObject\",\"inLanguage\":\"en-US\",\"@id\":\"https:\/\/magma-amgm.org\/#\/schema\/logo\/image\/\",\"url\":\"\",\"contentUrl\":\"\",\"caption\":\"Multicultural Agency of the Greater Moncton Area\"},\"image\":{\"@id\":\"https:\/\/magma-amgm.org\/#\/schema\/logo\/image\/\"}},{\"@type\":\"Person\",\"@id\":\"https:\/\/magma-amgm.org\/#\/schema\/person\/ef1580a36b587b08179e05958636493b\",\"name\":\"Alaa\",\"image\":{\"@type\":\"ImageObject\",\"inLanguage\":\"en-US\",\"@id\":\"https:\/\/magma-amgm.org\/#\/schema\/person\/image\/\",\"url\":\"https:\/\/secure.gravatar.com\/avatar\/2daea4706fa4b8056a5882df3d906b7c?s=96&d=mm&r=g\",\"contentUrl\":\"https:\/\/secure.gravatar.com\/avatar\/2daea4706fa4b8056a5882df3d906b7c?s=96&d=mm&r=g\",\"caption\":\"Alaa\"},\"url\":\"https:\/\/magma-amgm.org\/author\/alaa\/\"}]}<\/script>\n<!-- \/ Yoast SEO plugin. -->","yoast_head_json":{"title":"L'AMGM participe au forum municipal \"Grandir ensemble\" de la ville de Dieppe - MAGMA-AMGM","robots":{"index":"index","follow":"follow","max-snippet":"max-snippet:-1","max-image-preview":"max-image-preview:large","max-video-preview":"max-video-preview:-1"},"canonical":"https:\/\/magma-amgm.org\/lamgm-participe-au-forum-municipal-de-la-ville-de-dieppe-grandir-ensemble\/","og_locale":"en_US","og_type":"article","og_title":"L'AMGM participe au forum municipal \"Grandir ensemble\" de la ville de Dieppe - MAGMA-AMGM","og_url":"https:\/\/magma-amgm.org\/lamgm-participe-au-forum-municipal-de-la-ville-de-dieppe-grandir-ensemble\/?lang=fr","og_site_name":"MAGMA-AMGM","article_published_time":"2025-06-12T18:20:56+00:00","article_modified_time":"2025-08-21T13:58:09+00:00","og_image":[{"width":605,"height":453,"url":"https:\/\/magma-amgm.org\/wp-content\/uploads\/2025\/06\/IMG_8573-2.jpg","type":"image\/jpeg"}],"author":"Alaa","twitter_card":"summary_large_image","twitter_misc":{"Written by":"Alaa","Est. reading time":"7 minutes"},"schema":{"@context":"https:\/\/schema.org","@graph":[{"@type":"Article","@id":"https:\/\/magma-amgm.org\/lamgm-participe-au-forum-municipal-de-la-ville-de-dieppe-grandir-ensemble\/?lang=fr#article","isPartOf":{"@id":"https:\/\/magma-amgm.org\/lamgm-participe-au-forum-municipal-de-la-ville-de-dieppe-grandir-ensemble\/?lang=fr"},"author":{"name":"Alaa","@id":"https:\/\/magma-amgm.org\/#\/schema\/person\/ef1580a36b587b08179e05958636493b"},"headline":"L&#8217;AMGM participe au forum municipal &#8220;Grandir ensemble&#8221; de la ville de Dieppe","datePublished":"2025-06-12T18:20:56+00:00","dateModified":"2025-08-21T13:58:09+00:00","mainEntityOfPage":{"@id":"https:\/\/magma-amgm.org\/lamgm-participe-au-forum-municipal-de-la-ville-de-dieppe-grandir-ensemble\/?lang=fr"},"wordCount":1448,"commentCount":0,"publisher":{"@id":"https:\/\/magma-amgm.org\/#organization"},"image":{"@id":"https:\/\/magma-amgm.org\/lamgm-participe-au-forum-municipal-de-la-ville-de-dieppe-grandir-ensemble\/?lang=fr#primaryimage"},"thumbnailUrl":"https:\/\/magma-amgm.org\/wp-content\/uploads\/2025\/06\/IMG_8573-2.jpg","articleSection":["Non classifi\u00e9(e)"],"inLanguage":"en-US","potentialAction":[{"@type":"CommentAction","name":"Comment","target":["https:\/\/magma-amgm.org\/lamgm-participe-au-forum-municipal-de-la-ville-de-dieppe-grandir-ensemble\/?lang=fr#respond"]}]},{"@type":"WebPage","@id":"https:\/\/magma-amgm.org\/lamgm-participe-au-forum-municipal-de-la-ville-de-dieppe-grandir-ensemble\/?lang=fr","url":"https:\/\/magma-amgm.org\/lamgm-participe-au-forum-municipal-de-la-ville-de-dieppe-grandir-ensemble\/?lang=fr","name":"L'AMGM participe au forum municipal \"Grandir ensemble\" de la ville de Dieppe - MAGMA-AMGM","isPartOf":{"@id":"https:\/\/magma-amgm.org\/#website"},"primaryImageOfPage":{"@id":"https:\/\/magma-amgm.org\/lamgm-participe-au-forum-municipal-de-la-ville-de-dieppe-grandir-ensemble\/?lang=fr#primaryimage"},"image":{"@id":"https:\/\/magma-amgm.org\/lamgm-participe-au-forum-municipal-de-la-ville-de-dieppe-grandir-ensemble\/?lang=fr#primaryimage"},"thumbnailUrl":"https:\/\/magma-amgm.org\/wp-content\/uploads\/2025\/06\/IMG_8573-2.jpg","datePublished":"2025-06-12T18:20:56+00:00","dateModified":"2025-08-21T13:58:09+00:00","breadcrumb":{"@id":"https:\/\/magma-amgm.org\/lamgm-participe-au-forum-municipal-de-la-ville-de-dieppe-grandir-ensemble\/?lang=fr#breadcrumb"},"inLanguage":"en-US","potentialAction":[{"@type":"ReadAction","target":["https:\/\/magma-amgm.org\/lamgm-participe-au-forum-municipal-de-la-ville-de-dieppe-grandir-ensemble\/?lang=fr"]}]},{"@type":"ImageObject","inLanguage":"en-US","@id":"https:\/\/magma-amgm.org\/lamgm-participe-au-forum-municipal-de-la-ville-de-dieppe-grandir-ensemble\/?lang=fr#primaryimage","url":"https:\/\/magma-amgm.org\/wp-content\/uploads\/2025\/06\/IMG_8573-2.jpg","contentUrl":"https:\/\/magma-amgm.org\/wp-content\/uploads\/2025\/06\/IMG_8573-2.jpg","width":605,"height":453},{"@type":"BreadcrumbList","@id":"https:\/\/magma-amgm.org\/lamgm-participe-au-forum-municipal-de-la-ville-de-dieppe-grandir-ensemble\/?lang=fr#breadcrumb","itemListElement":[{"@type":"ListItem","position":1,"name":"Home","item":"https:\/\/magma-amgm.org\/"},{"@type":"ListItem","position":2,"name":"L&rsquo;AMGM participe au forum municipal \u00ab\u00a0Grandir ensemble\u00a0\u00bb de la ville de Dieppe"}]},{"@type":"WebSite","@id":"https:\/\/magma-amgm.org\/#website","url":"https:\/\/magma-amgm.org\/","name":"MAGMA-AMGM","description":"Largest Settlement Agency for Newcomers in New Brunswick","publisher":{"@id":"https:\/\/magma-amgm.org\/#organization"},"potentialAction":[{"@type":"SearchAction","target":{"@type":"EntryPoint","urlTemplate":"https:\/\/magma-amgm.org\/?s={search_term_string}"},"query-input":{"@type":"PropertyValueSpecification","valueRequired":true,"valueName":"search_term_string"}}],"inLanguage":"en-US"},{"@type":"Organization","@id":"https:\/\/magma-amgm.org\/#organization","name":"Multicultural Agency of the Greater Moncton Area","url":"https:\/\/magma-amgm.org\/","logo":{"@type":"ImageObject","inLanguage":"en-US","@id":"https:\/\/magma-amgm.org\/#\/schema\/logo\/image\/","url":"","contentUrl":"","caption":"Multicultural Agency of the Greater Moncton Area"},"image":{"@id":"https:\/\/magma-amgm.org\/#\/schema\/logo\/image\/"}},{"@type":"Person","@id":"https:\/\/magma-amgm.org\/#\/schema\/person\/ef1580a36b587b08179e05958636493b","name":"Alaa","image":{"@type":"ImageObject","inLanguage":"en-US","@id":"https:\/\/magma-amgm.org\/#\/schema\/person\/image\/","url":"https:\/\/secure.gravatar.com\/avatar\/2daea4706fa4b8056a5882df3d906b7c?s=96&d=mm&r=g","contentUrl":"https:\/\/secure.gravatar.com\/avatar\/2daea4706fa4b8056a5882df3d906b7c?s=96&d=mm&r=g","caption":"Alaa"},"url":"https:\/\/magma-amgm.org\/author\/alaa\/"}]}},"_links":{"self":[{"href":"https:\/\/magma-amgm.org\/wp-json\/wp\/v2\/posts\/5137","targetHints":{"allow":["GET"]}}],"collection":[{"href":"https:\/\/magma-amgm.org\/wp-json\/wp\/v2\/posts"}],"about":[{"href":"https:\/\/magma-amgm.org\/wp-json\/wp\/v2\/types\/post"}],"author":[{"embeddable":true,"href":"https:\/\/magma-amgm.org\/wp-json\/wp\/v2\/users\/5"}],"replies":[{"embeddable":true,"href":"https:\/\/magma-amgm.org\/wp-json\/wp\/v2\/comments?post=5137"}],"version-history":[{"count":13,"href":"https:\/\/magma-amgm.org\/wp-json\/wp\/v2\/posts\/5137\/revisions"}],"predecessor-version":[{"id":5311,"href":"https:\/\/magma-amgm.org\/wp-json\/wp\/v2\/posts\/5137\/revisions\/5311"}],"wp:featuredmedia":[{"embeddable":true,"href":"https:\/\/magma-amgm.org\/wp-json\/wp\/v2\/media\/5141"}],"wp:attachment":[{"href":"https:\/\/magma-amgm.org\/wp-json\/wp\/v2\/media?parent=5137"}],"wp:term":[{"taxonomy":"category","embeddable":true,"href":"https:\/\/magma-amgm.org\/wp-json\/wp\/v2\/categories?post=5137"},{"taxonomy":"post_tag","embeddable":true,"href":"https:\/\/magma-amgm.org\/wp-json\/wp\/v2\/tags?post=5137"}],"curies":[{"name":"wp","href":"https:\/\/api.w.org\/{rel}","templated":true}]}}