{"id":5061,"date":"2025-06-04T14:28:09","date_gmt":"2025-06-04T17:28:09","guid":{"rendered":"https:\/\/magma-amgm.org\/?p=5061"},"modified":"2025-08-21T10:58:15","modified_gmt":"2025-08-21T13:58:15","slug":"lecole-de-langues-magma-en-visite-juin-2025","status":"publish","type":"post","link":"https:\/\/magma-amgm.org\/lecole-de-langues-magma-en-visite-juin-2025\/?lang=fr","title":{"rendered":"L&#8217;\u00e9cole de langues de L&#8217;AMGM \u00e0 l&#8217;ext\u00e9rieur &#8211; juin 2025"},"content":{"rendered":"<p><div class=\"fusion-fullwidth fullwidth-box fusion-builder-row-1 fusion-flex-container nonhundred-percent-fullwidth non-hundred-percent-height-scrolling\" style=\"--awb-background-position:left top;--awb-border-sizes-top:10px;--awb-border-sizes-bottom:0px;--awb-border-sizes-left:0px;--awb-border-sizes-right:0px;--awb-border-color:var(--awb-custom_color_5);--awb-border-radius-top-left:0px;--awb-border-radius-top-right:0px;--awb-border-radius-bottom-right:0px;--awb-border-radius-bottom-left:0px;--awb-padding-top:0px;--awb-padding-right:0px;--awb-padding-bottom:0px;--awb-padding-left:0px;--awb-margin-top:0px;--awb-margin-bottom:0px;--awb-flex-wrap:wrap;\" ><div class=\"fusion-builder-row fusion-row fusion-flex-align-items-flex-start fusion-flex-content-wrap\" style=\"max-width:1193.4px;margin-left: calc(-2% \/ 2 );margin-right: calc(-2% \/ 2 );\"><div class=\"fusion-layout-column fusion_builder_column fusion-builder-column-0 fusion_builder_column_1_1 1_1 fusion-flex-column\" style=\"--awb-padding-right-small:5px;--awb-padding-left-small:5px;--awb-bg-blend:overlay;--awb-bg-size:cover;--awb-width-large:100%;--awb-margin-top-large:0px;--awb-spacing-right-large:18.62%;--awb-margin-bottom-large:0px;--awb-spacing-left-large:18.424%;--awb-width-medium:100%;--awb-spacing-right-medium:18.62%;--awb-spacing-left-medium:18.424%;--awb-width-small:100%;--awb-spacing-right-small:18.62%;--awb-spacing-left-small:18.424%;\"><div class=\"fusion-column-wrapper fusion-flex-justify-content-flex-start fusion-content-layout-column\"><div class=\"fusion-separator\" style=\"align-self: flex-start;margin-right:auto;margin-top:0px;margin-bottom:30px;width:100%;max-width:200px;\"><div class=\"fusion-separator-border sep-single sep-solid\" style=\"--awb-height:20px;--awb-amount:20px;--awb-sep-color:var(--awb-color4);border-color:var(--awb-color4);border-top-width:3px;\"><\/div><\/div><div class=\"fusion-text fusion-text-1\"><p><b><i>Le Canada sous un autre angle &#8211; Mars 2025<\/i><\/b><\/p>\n<p>Les \u00e9l\u00e8ves de l&#8217;\u00e9cole de langues MAGMA CLB5\/6 \u00e0 la projection de <strong>500 Days in the Wild<\/strong>: un documentaire sur 6 ans de travers\u00e9e des sentiers terrestres et aquatiques du Canada d&#8217;un oc\u00e9an \u00e0 l&#8217;autre &#8230; Merci aux professeurs Kate et Svitlana !<img decoding=\"async\" class=\"lazyload alignnone size-fusion-600\" src=\"data:image\/svg+xml,%3Csvg%20xmlns%3D%27http%3A%2F%2Fwww.w3.org%2F2000%2Fsvg%27%20width%3D%272560%27%20height%3D%271920%27%20viewBox%3D%270%200%202560%201920%27%3E%3Crect%20width%3D%272560%27%20height%3D%271920%27%20fill-opacity%3D%220%22%2F%3E%3C%2Fsvg%3E\" data-orig-src=\"http:\/\/magma-amgm.org\/wp-content\/uploads\/2025\/05\/IMG_2551-scaled.jpeg\" width=\"2560\" height=\"1920\"><\/p>\n<\/div><div class=\"fusion-separator fusion-full-width-sep\" style=\"align-self: center;margin-left: auto;margin-right: auto;margin-top:5px;width:100%;\"><\/div><div class=\"fusion-separator\" style=\"align-self: center;margin-left: auto;margin-right: auto;margin-top:30px;margin-bottom:30px;width:100%;max-width:200px;\"><div class=\"fusion-separator-border sep-single sep-solid\" style=\"--awb-height:20px;--awb-amount:20px;--awb-sep-color:var(--awb-color4);border-color:var(--awb-color4);border-top-width:3px;\"><\/div><\/div><div class=\"fusion-separator fusion-full-width-sep\" style=\"align-self: center;margin-left: auto;margin-right: auto;margin-top:5px;width:100%;\"><\/div><div class=\"fusion-text fusion-text-2\"><p><b><i>Conf\u00e9rence de TESL NB ; Merci pour un autre \u00e9v\u00e9nement formidable &#8211; avril 2025<br \/>\npar : Luccas Dentzien<\/i><\/b><\/p>\n<p><img decoding=\"async\" class=\"lazyload alignright \" src=\"data:image\/svg+xml,%3Csvg%20xmlns%3D%27http%3A%2F%2Fwww.w3.org%2F2000%2Fsvg%27%20width%3D%27551%27%20height%3D%27413%27%20viewBox%3D%270%200%20551%20413%27%3E%3Crect%20width%3D%27551%27%20height%3D%27413%27%20fill-opacity%3D%220%22%2F%3E%3C%2Fsvg%3E\" data-orig-src=\"http:\/\/magma-amgm.org\/wp-content\/uploads\/2025\/05\/WhatsApp-Image-2025-05-01-at-11.58.08-1.jpg\" width=\"551\" height=\"413\">Certains de nos moniteurs de langues L&#8217;AMGM ont particip\u00e9 \u00e0 la conf\u00e9rence TESL NB qui s&#8217;est tenue \u00e0 Saint John cette ann\u00e9e. Ils ont eu l&#8217;occasion de rencontrer d&#8217;autres moniteurs de la province et d&#8217;assister \u00e0 des pr\u00e9sentations int\u00e9ressantes.<\/p>\n<p>L&#8217;une des pr\u00e9sentations, qui comprenait un panel compos\u00e9 d&#8217;un enseignant, d&#8217;un conseiller d&#8217;orientation et d \u00ab \u00e9l\u00e8ves de diff\u00e9rents groupes d \u00bb \u00e2ge, portait sur un programme sp\u00e9cial mis au point par la Saint John High School : \u00ab Elevate \u00bb, un programme enti\u00e8rement con\u00e7u pour les nouveaux arrivants. \u00ab Elevate \u00bb a \u00e9t\u00e9 cr\u00e9\u00e9 pour favoriser l&#8217;assiduit\u00e9, la r\u00e9silience et le lien avec la communaut\u00e9. <\/p>\n<p>Une autre pr\u00e9sentation, faite par l&#8217;enseignante Stacy Wilson, a pass\u00e9 en revue les nombreux avantages et am\u00e9liorations qu&#8217;elle a constat\u00e9s dans ses recherches et sa pratique dans le cadre de l&#8217;enseignement de l&#8217;anglais langue seconde en incluant des jeux dans le programme d&#8217;\u00e9tudes. Il ne s&#8217;agit pas d&#8217;une activit\u00e9 ponctuelle, mais plut\u00f4t d&#8217;un \u00e9l\u00e9ment central de la classe. L&#8217;une de ses motivations a \u00e9t\u00e9 d&#8217;observer que de nombreux \u00e9tudiants introvertis se sentaient plus \u00e0 l&#8217;aise lorsqu&#8217;ils participaient \u00e0 des activit\u00e9s ludiques. Ces activit\u00e9s font ressortir l&#8217;esprit de comp\u00e9tition qui anime la plupart des gens, ce qui favorise grandement l&#8217;assimilation du nouveau vocabulaire et de la grammaire.   <\/p>\n<p>La derni\u00e8re pr\u00e9sentation a port\u00e9 sur l&#8217;importance des films et de la t\u00e9l\u00e9vision en classe. Bien qu&#8217;il puisse \u00eatre difficile de commencer \u00e0 le mettre en \u0153uvre, il y a de nombreux avantages \u00e0 en tirer : le contenu que les \u00e9tudiants apprennent d&#8217;une mani\u00e8re d\u00e9tendue et naturelle peut grandement am\u00e9liorer leur r\u00e9tention \u00e0 long terme, en particulier pour ceux qui ne trouvent pas id\u00e9al l&#8217;apprentissage acad\u00e9mique plus rigoureux ou l&#8217;apprentissage bas\u00e9 sur les t\u00e2ches. <img decoding=\"async\" class=\"lazyload alignnone size-fusion-600\" src=\"data:image\/svg+xml,%3Csvg%20xmlns%3D%27http%3A%2F%2Fwww.w3.org%2F2000%2Fsvg%27%20width%3D%272048%27%20height%3D%271536%27%20viewBox%3D%270%200%202048%201536%27%3E%3Crect%20width%3D%272048%27%20height%3D%271536%27%20fill-opacity%3D%220%22%2F%3E%3C%2Fsvg%3E\" data-orig-src=\"http:\/\/magma-amgm.org\/wp-content\/uploads\/2025\/05\/WhatsApp-Image-2025-05-01-at-11.58.071.jpeg\" width=\"2048\" height=\"1536\"><\/p>\n<\/div><div class=\"fusion-separator fusion-full-width-sep\" style=\"align-self: center;margin-left: auto;margin-right: auto;margin-top:20px;width:100%;\"><\/div><div class=\"fusion-separator\" style=\"align-self: center;margin-left: auto;margin-right: auto;margin-top:30px;margin-bottom:30px;width:100%;max-width:200px;\"><div class=\"fusion-separator-border sep-single sep-solid\" style=\"--awb-height:20px;--awb-amount:20px;--awb-sep-color:var(--awb-color4);border-color:var(--awb-color4);border-top-width:3px;\"><\/div><\/div><div class=\"fusion-separator fusion-full-width-sep\" style=\"align-self: center;margin-left: auto;margin-right: auto;margin-top:20px;width:100%;\"><\/div><div class=\"fusion-text fusion-text-3\"><p><b><i>Remise des dipl\u00f4mes de la cohorte 6 du programme d&#8217;auxiliaire de pu\u00e9riculture ; F\u00e9licitations aux dipl\u00f4m\u00e9s !<br \/>\nPar : Shurouq Aldoori<\/i><\/b><\/p>\n<p>La remise des dipl\u00f4mes \u00e0 nos \u00e9tudiants d\u00e9vou\u00e9s dans le cadre de la formation linguistique adapt\u00e9e au secteur et pr\u00eate \u00e0 l&#8217;emploi a \u00e9t\u00e9 une v\u00e9ritable source d&#8217;inspiration : Programme d&#8217;assistante maternelle !<\/p>\n<p>Cet \u00e9v\u00e9nement a mis en \u00e9vidence l&#8217;engagement et le travail acharn\u00e9 que ces \u00e9tudiants ont investi dans la pr\u00e9paration d&#8217;une carri\u00e8re significative dans le domaine de la garde d&#8217;enfants.<\/p>\n<p>Le programme est sp\u00e9cialement con\u00e7u pour doter les dipl\u00f4m\u00e9s des comp\u00e9tences pratiques requises pour exceller en tant qu \u00ab \u00e9ducateurs d&#8217;enfants. Le programme offre une approche compl\u00e9mentaire qui garantit que les \u00e9tudiants comprennent non seulement le d\u00e9veloppement de l&#8217;enfant et les meilleures pratiques pertinentes, mais qu&#8217;ils poss\u00e8dent \u00e9galement les comp\u00e9tences pratiques et la confiance n\u00e9cessaires pour s \u00bb \u00e9panouir dans les structures de garde d&#8217;enfants au Canada. <\/p>\n<p>Nous sommes fiers de nos dipl\u00f4m\u00e9s qui sont pr\u00eats \u00e0 travailler, \u00e9quip\u00e9s pour s&#8217;int\u00e9grer harmonieusement dans le monde du travail canadien et pour faire une diff\u00e9rence significative dans la vie des enfants.<img decoding=\"async\" class=\"lazyload alignnone size-fusion-600\" src=\"data:image\/svg+xml,%3Csvg%20xmlns%3D%27http%3A%2F%2Fwww.w3.org%2F2000%2Fsvg%27%20width%3D%271161%27%20height%3D%27653%27%20viewBox%3D%270%200%201161%20653%27%3E%3Crect%20width%3D%271161%27%20height%3D%27653%27%20fill-opacity%3D%220%22%2F%3E%3C%2Fsvg%3E\" data-orig-src=\"http:\/\/magma-amgm.org\/wp-content\/uploads\/2025\/05\/MAP_0088.jpg\" width=\"1161\" height=\"653\"><\/p>\n<\/div><div class=\"fusion-separator fusion-full-width-sep\" style=\"align-self: center;margin-left: auto;margin-right: auto;margin-top:20px;width:100%;\"><\/div><div class=\"fusion-separator\" style=\"align-self: center;margin-left: auto;margin-right: auto;margin-top:30px;margin-bottom:30px;width:100%;max-width:200px;\"><div class=\"fusion-separator-border sep-single sep-solid\" style=\"--awb-height:20px;--awb-amount:20px;--awb-sep-color:var(--awb-color4);border-color:var(--awb-color4);border-top-width:3px;\"><\/div><\/div><div class=\"fusion-separator fusion-full-width-sep\" style=\"align-self: center;margin-left: auto;margin-right: auto;margin-top:20px;width:100%;\"><\/div><div class=\"fusion-text fusion-text-4\"><p><b><i>Remise des dipl\u00f4mes de la Cohorte 4 de Start-Up : un pas de plus vers la r\u00e9ussite !  <img decoding=\"async\" class=\"lazyload alignright\" src=\"data:image\/svg+xml,%3Csvg%20xmlns%3D%27http%3A%2F%2Fwww.w3.org%2F2000%2Fsvg%27%20width%3D%27472%27%20height%3D%27227%27%20viewBox%3D%270%200%20472%20227%27%3E%3Crect%20width%3D%27472%27%20height%3D%27227%27%20fill-opacity%3D%220%22%2F%3E%3C%2Fsvg%3E\" data-orig-src=\"http:\/\/magma-amgm.org\/wp-content\/uploads\/2025\/05\/MAP_0237-1.jpg\" width=\"472\" height=\"227\"><\/i><\/b><\/p>\n<p>F\u00e9licitations \u00e0 nos \u00e9tudiants en cr\u00e9ation d&#8217;entreprise pour avoir termin\u00e9 avec succ\u00e8s la formation avec d\u00e9vouement et engagement. Quelle belle chose que de faire partie de votre parcours d&#8217;apprentissage et d&#8217;installation ! Nous sommes fiers de vous et impatients de voir ce que vous ferez ensuite.<\/p>\n<\/div><div class=\"fusion-separator fusion-full-width-sep\" style=\"align-self: center;margin-left: auto;margin-right: auto;margin-top:20px;width:100%;\"><\/div><div class=\"fusion-separator\" style=\"align-self: center;margin-left: auto;margin-right: auto;margin-top:30px;margin-bottom:30px;width:100%;max-width:200px;\"><div class=\"fusion-separator-border sep-single sep-solid\" style=\"--awb-height:20px;--awb-amount:20px;--awb-sep-color:var(--awb-color4);border-color:var(--awb-color4);border-top-width:3px;\"><\/div><\/div><div class=\"fusion-separator fusion-full-width-sep\" style=\"align-self: center;margin-left: auto;margin-right: auto;margin-top:20px;width:100%;\"><\/div><div class=\"fusion-text fusion-text-5\"><p><b><i>CLB3 Soir\u00e9e de classe Visite d&#8217;une exposition d&#8217;art<br \/>\nPar : Alla Spero Jack<\/i><\/b><\/p>\n<p><img decoding=\"async\" class=\"lazyload alignright\" src=\"data:image\/svg+xml,%3Csvg%20xmlns%3D%27http%3A%2F%2Fwww.w3.org%2F2000%2Fsvg%27%20width%3D%27256%27%20height%3D%27341%27%20viewBox%3D%270%200%20256%20341%27%3E%3Crect%20width%3D%27256%27%20height%3D%27341%27%20fill-opacity%3D%220%22%2F%3E%3C%2Fsvg%3E\" data-orig-src=\"http:\/\/magma-amgm.org\/wp-content\/uploads\/2025\/05\/Alla_CLB3_Exhibition-Visit-2.jpg\" width=\"256\" height=\"341\">J&#8217;ai eu le plaisir d&#8217;emmener mes \u00e9tudiants de CLB 3 Evening assister \u00e0 l&#8217;exposition d&#8217;art de leur camarade <strong>Tawfiq Chichani<\/strong>, originaire du Maroc. L&#8217;exposition, qui s&#8217;est tenue \u00e0 l&#8217;h\u00f4tel de ville de Moncton, pr\u00e9sentait une collection \u00e9tonnante d&#8217;\u0153uvres qui r\u00e9v\u00e9laient \u00e0 la fois des comp\u00e9tences techniques et un lien personnel profond avec le sujet trait\u00e9. <\/p>\n<p>L&#8217;exposition a \u00e9t\u00e9 organis\u00e9e de mani\u00e8re r\u00e9fl\u00e9chie, chaque pi\u00e8ce ayant son propre espace, ce qui nous a permis d&#8217;absorber les d\u00e9tails. L \u00ab \u00e9clairage, \u00e0 la fois doux et pr\u00e9cis, conf\u00e8re \u00e0 chaque \u0153uvre une sorte de respect qui nous incite \u00e0 faire une pause et \u00e0 r\u00e9fl\u00e9chir. Certaines \u0153uvres \u00e9taient brutes et expressives, tandis que d&#8217;autres \u00e9taient plus contemplatives et sereines. Ce contraste entre les styles \u00e9tait rafra\u00eechissant, car il mettait en \u00e9vidence la polyvalence de l&#8217;artiste et sa profonde compr\u00e9hension des diff\u00e9rentes techniques artistiques. Il \u00e9tait clair que Tawfiq avait beaucoup r\u00e9fl\u00e9chi \u00e0 la pr\u00e9sentation autant qu \u00bb \u00e0 la cr\u00e9ation elle-m\u00eame.    <\/p>\n<p>Il y avait \u00e9galement un sentiment de fiert\u00e9 ind\u00e9niable \u00e0 savoir qu&#8217;un camarade de classe avait rassembl\u00e9 un ensemble de travaux aussi professionnels et convaincants. Il est clair que la cr\u00e9ation de l&#8217;exposition a n\u00e9cessit\u00e9 beaucoup d&#8217;efforts et de passion, et l&#8217;attention port\u00e9e aux d\u00e9tails est impressionnante. <\/p>\n<p>Dans l&#8217;ensemble, assister \u00e0 l&#8217;exposition artistique de Tawfiq Chichani en tant que membre d&#8217;un groupe a \u00e9t\u00e9 une exp\u00e9rience enrichissante et inspirante pour tout le monde. Elle a ouvert de nouvelles conversations sur la cr\u00e9ativit\u00e9, l&#8217;expression personnelle et le pouvoir de l&#8217;art de nous interpeller et de nous relier. <img decoding=\"async\" class=\"lazyload alignnone size-fusion-600\" src=\"data:image\/svg+xml,%3Csvg%20xmlns%3D%27http%3A%2F%2Fwww.w3.org%2F2000%2Fsvg%27%20width%3D%272016%27%20height%3D%271512%27%20viewBox%3D%270%200%202016%201512%27%3E%3Crect%20width%3D%272016%27%20height%3D%271512%27%20fill-opacity%3D%220%22%2F%3E%3C%2Fsvg%3E\" data-orig-src=\"http:\/\/magma-amgm.org\/wp-content\/uploads\/2025\/05\/Alla_CLB3_Exhibition-Visit-3.jpg\" width=\"2016\" height=\"1512\"><\/p>\n<\/div><div class=\"fusion-separator fusion-full-width-sep\" style=\"align-self: center;margin-left: auto;margin-right: auto;margin-top:20px;width:100%;\"><\/div><div class=\"fusion-separator\" style=\"align-self: center;margin-left: auto;margin-right: auto;margin-top:30px;margin-bottom:30px;width:100%;max-width:200px;\"><div class=\"fusion-separator-border sep-single sep-solid\" style=\"--awb-height:20px;--awb-amount:20px;--awb-sep-color:var(--awb-color4);border-color:var(--awb-color4);border-top-width:3px;\"><\/div><\/div><div class=\"fusion-separator fusion-full-width-sep\" style=\"align-self: center;margin-left: auto;margin-right: auto;margin-top:20px;width:100%;\"><\/div><div class=\"fusion-text fusion-text-6\"><p><strong><em>S\u00e9ance d&#8217;information de la GRC sur la fraude et les escroqueries  <\/em><\/strong><\/p>\n<p><strong><em><img decoding=\"async\" class=\"lazyload  alignright\" src=\"data:image\/svg+xml,%3Csvg%20xmlns%3D%27http%3A%2F%2Fwww.w3.org%2F2000%2Fsvg%27%20width%3D%27395%27%20height%3D%27296%27%20viewBox%3D%270%200%20395%20296%27%3E%3Crect%20width%3D%27395%27%20height%3D%27296%27%20fill-opacity%3D%220%22%2F%3E%3C%2Fsvg%3E\" data-orig-src=\"http:\/\/magma-amgm.org\/wp-content\/uploads\/2025\/06\/RCMP-Fraud-and-Scam-2.jpg\" width=\"395\" height=\"296\"><\/em><\/strong><\/p>\n<p><em>Les clients de L&#8217;AMGM ont assist\u00e9 \u00e0 une s\u00e9ance d&#8217;information sur la fraude et les escroqueries. L&#8217;agent Grou a donn\u00e9 des conseils importants pour \u00e9viter et traiter les fraudes et a fourni des d\u00e9tails sur les escroqueries courantes auxquelles les nouveaux arrivants peuvent \u00eatre confront\u00e9s.   <\/em><\/p>\n<\/div><div class=\"fusion-separator fusion-full-width-sep\" style=\"align-self: center;margin-left: auto;margin-right: auto;margin-top:20px;width:100%;\"><\/div><div class=\"fusion-separator\" style=\"align-self: center;margin-left: auto;margin-right: auto;margin-top:30px;margin-bottom:30px;width:100%;max-width:200px;\"><div class=\"fusion-separator-border sep-single sep-solid\" style=\"--awb-height:20px;--awb-amount:20px;--awb-sep-color:var(--awb-color4);border-color:var(--awb-color4);border-top-width:3px;\"><\/div><\/div><div class=\"fusion-separator fusion-full-width-sep\" style=\"align-self: center;margin-left: auto;margin-right: auto;margin-top:20px;width:100%;\"><\/div><div class=\"fusion-text fusion-text-7\"><p><strong><em>OJT Infirmi\u00e8res Pr\u00e9sentation de l&#8217;hygi\u00e8ne<\/em><\/strong><\/p>\n<p><em>Les \u00e9l\u00e8ves des NCLC 1 ont acquis une meilleure compr\u00e9hension des pratiques d&#8217;hygi\u00e8ne et des mots anglais typiques li\u00e9s aux soins personnels. Les infirmi\u00e8res se sont montr\u00e9es serviables et les \u00e9l\u00e8ves se sont investis, posant des questions et pratiquant courageusement leur anglais.   <img decoding=\"async\" class=\"lazyload aligncenter \" src=\"data:image\/svg+xml,%3Csvg%20xmlns%3D%27http%3A%2F%2Fwww.w3.org%2F2000%2Fsvg%27%20width%3D%27564%27%20height%3D%27428%27%20viewBox%3D%270%200%20564%20428%27%3E%3Crect%20width%3D%27564%27%20height%3D%27428%27%20fill-opacity%3D%220%22%2F%3E%3C%2Fsvg%3E\" data-orig-src=\"http:\/\/magma-amgm.org\/wp-content\/uploads\/2025\/06\/OJT-Nurses-Hygiene-Presentation.jpg\" width=\"564\" height=\"428\"><\/em><\/p>\n<\/div><div class=\"fusion-text fusion-text-8 fusion-animated\" style=\"--awb-content-alignment:left;\" data-animationType=\"fadeInUp\" data-animationDuration=\"0.3\" data-animationOffset=\"top-into-view\"><blockquote>\n<h3>Actualit\u00e9s des \u00e9coles de langues &#8211; juin 2025<\/h3>\n<\/blockquote>\n<\/div><\/div><\/div><div class=\"fusion-layout-column fusion_builder_column fusion-builder-column-1 fusion_builder_column_1_5 1_5 fusion-flex-column\" style=\"--awb-bg-blend:overlay;--awb-bg-size:cover;--awb-width-large:20%;--awb-margin-top-large:0px;--awb-spacing-right-large:4.9%;--awb-margin-bottom-large:20px;--awb-spacing-left-large:9.8%;--awb-width-medium:20%;--awb-spacing-right-medium:4.9%;--awb-spacing-left-medium:9.8%;--awb-width-small:20%;--awb-spacing-right-small:4.9%;--awb-spacing-left-small:9.8%;\"><div class=\"fusion-column-wrapper fusion-flex-justify-content-flex-start fusion-content-layout-column\"><div class=\"fusion-separator fusion-full-width-sep\" style=\"align-self: center;margin-left: auto;margin-right: auto;width:100%;\"><\/div><\/div><\/div><\/div><\/div><div class=\"fusion-fullwidth fullwidth-box fusion-builder-row-2 fusion-flex-container nonhundred-percent-fullwidth non-hundred-percent-height-scrolling\" style=\"--awb-background-position:left top;--awb-border-sizes-top:0px;--awb-border-sizes-bottom:0px;--awb-border-sizes-left:0px;--awb-border-sizes-right:0px;--awb-border-radius-top-left:0px;--awb-border-radius-top-right:0px;--awb-border-radius-bottom-right:0px;--awb-border-radius-bottom-left:0px;--awb-padding-top:30px;--awb-padding-bottom:150px;--awb-padding-top-small:0px;--awb-padding-bottom-small:0px;--awb-flex-wrap:wrap;\" ><div class=\"fusion-builder-row fusion-row fusion-flex-align-items-flex-start fusion-flex-content-wrap\" style=\"max-width:1193.4px;margin-left: calc(-2% \/ 2 );margin-right: calc(-2% \/ 2 );\"><div class=\"fusion-layout-column fusion_builder_column fusion-builder-column-2 fusion_builder_column_1_5 1_5 fusion-flex-column\" style=\"--awb-bg-blend:overlay;--awb-bg-size:cover;--awb-width-large:20%;--awb-margin-top-large:0px;--awb-spacing-right-large:9.8%;--awb-margin-bottom-large:20px;--awb-spacing-left-large:4.9%;--awb-width-medium:20%;--awb-spacing-right-medium:9.8%;--awb-spacing-left-medium:4.9%;--awb-width-small:20%;--awb-spacing-right-small:9.8%;--awb-spacing-left-small:4.9%;\"><div class=\"fusion-column-wrapper fusion-flex-justify-content-flex-start fusion-content-layout-column\"><div class=\"fusion-separator fusion-full-width-sep\" style=\"align-self: center;margin-left: auto;margin-right: auto;width:100%;\"><\/div><\/div><\/div><div class=\"fusion-layout-column fusion_builder_column fusion-builder-column-3 fusion_builder_column_3_5 3_5 fusion-flex-column\" style=\"--awb-bg-blend:overlay;--awb-bg-size:cover;--awb-width-large:60%;--awb-margin-top-large:0px;--awb-spacing-right-large:3.2666666666667%;--awb-margin-bottom-large:20px;--awb-spacing-left-large:3.2666666666667%;--awb-width-medium:60%;--awb-spacing-right-medium:3.2666666666667%;--awb-spacing-left-medium:3.2666666666667%;--awb-width-small:100%;--awb-spacing-right-small:1.96%;--awb-spacing-left-small:1.96%;\"><div class=\"fusion-column-wrapper fusion-flex-justify-content-flex-start fusion-content-layout-column\"><div class=\"fusion-sharing-box fusion-sharing-box-1 boxed-icons has-taglines layout-floated layout-medium-floated layout-small-floated\" style=\"background-color:rgba(255,255,255,0);padding:0;--awb-layout:row;--awb-alignment-small:space-between;\" data-title=\"L&#8217;\u00e9cole de langues de L&#8217;AMGM \u00e0 l&#8217;ext\u00e9rieur &#8211; juin 2025\" data-description=\"Le Canada sous un autre angle - Mars 2025\r\n\r\nLes \u00e9l\u00e8ves de l&#039;\u00e9cole de langues MAGMA CLB5\/6 \u00e0 la projection de 500 Days in the Wild: un documentaire sur 6 ans de travers\u00e9e des sentiers terrestres et aquatiques du Canada d&#039;un oc\u00e9an \u00e0 l&#039;autre ... Merci aux professeurs Kate et Svitlana !\" data-link=\"https:\/\/magma-amgm.org\/lecole-de-langues-magma-en-visite-juin-2025\/?lang=fr\"><h4 class=\"tagline\" style=\"color:hsla(var(--awb-color3-h),var(--awb-color3-s),calc( var(--awb-color3-l) - 78% ),var(--awb-color3-a));\">Partager cet article<\/h4><div class=\"fusion-social-networks sharingbox-shortcode-icon-wrapper sharingbox-shortcode-icon-wrapper-1 boxed-icons\"><span><a href=\"https:\/\/www.facebook.com\/sharer.php?u=https%3A%2F%2Fmagma-amgm.org%2Flecole-de-langues-magma-en-visite-juin-2025%2F%3Flang%3Dfr&amp;t=L%26%238217%3B%C3%A9cole%20de%20langues%20de%20L%26%238217%3BAMGM%20%C3%A0%20l%26%238217%3Bext%C3%A9rieur%20%26%238211%3B%20juin%202025\" target=\"_blank\" rel=\"noreferrer\" title=\"Facebook\" aria-label=\"Facebook\" data-placement=\"top\" data-toggle=\"tooltip\" data-title=\"Facebook\"><i class=\"fusion-social-network-icon fusion-tooltip fusion-facebook awb-icon-facebook\" style=\"color:#ffffff;background-color:#3b5998;border-color:#3b5998;border-radius:4px;\" aria-hidden=\"true\"><\/i><\/a><\/span><span><a href=\"https:\/\/x.com\/intent\/post?text=L%E2%80%99%C3%A9cole%20de%20langues%20de%20L%E2%80%99AMGM%20%C3%A0%20l%E2%80%99ext%C3%A9rieur%20%E2%80%93%20juin%202025&amp;url=https%3A%2F%2Fmagma-amgm.org%2Flecole-de-langues-magma-en-visite-juin-2025%2F%3Flang%3Dfr\" target=\"_blank\" rel=\"noopener noreferrer\" title=\"X\" aria-label=\"X\" data-placement=\"top\" data-toggle=\"tooltip\" data-title=\"X\"><i class=\"fusion-social-network-icon fusion-tooltip fusion-twitter awb-icon-twitter\" style=\"color:#ffffff;background-color:#000000;border-color:#000000;border-radius:4px;\" aria-hidden=\"true\"><\/i><\/a><\/span><span><a href=\"https:\/\/www.linkedin.com\/shareArticle?mini=true&amp;url=https%3A%2F%2Fmagma-amgm.org%2Flecole-de-langues-magma-en-visite-juin-2025%2F%3Flang%3Dfr&amp;title=L%26%238217%3B%C3%A9cole%20de%20langues%20de%20L%26%238217%3BAMGM%20%C3%A0%20l%26%238217%3Bext%C3%A9rieur%20%26%238211%3B%20juin%202025&amp;summary=Le%20Canada%20sous%20un%20autre%20angle%20-%20Mars%202025%0D%0A%0D%0ALes%20%C3%A9l%C3%A8ves%20de%20l%26%2339%3B%C3%A9cole%20de%20langues%20MAGMA%20CLB5%2F6%20%C3%A0%20la%20projection%20de%20500%20Days%20in%20the%20Wild%3A%20un%20documentaire%20sur%206%20ans%20de%20travers%C3%A9e%20des%20sentiers%20terrestres%20et%20aquatiques%20du%20Canada%20d%26%2339%3Bun%20oc%C3%A9an%20%C3%A0%20l%26%2339%3Bautre%20...%20Merci%20aux%20professeurs%20Kate%20et%20Svitlana%20%21\" target=\"_blank\" rel=\"noopener noreferrer\" title=\"LinkedIn\" aria-label=\"LinkedIn\" data-placement=\"top\" data-toggle=\"tooltip\" data-title=\"LinkedIn\"><i class=\"fusion-social-network-icon fusion-tooltip fusion-linkedin awb-icon-linkedin\" style=\"color:#ffffff;background-color:#0077b5;border-color:#0077b5;border-radius:4px;\" aria-hidden=\"true\"><\/i><\/a><\/span><span><a href=\"https:\/\/pinterest.com\/pin\/create\/button\/?url=https%3A%2F%2Fmagma-amgm.org%2Flecole-de-langues-magma-en-visite-juin-2025%2F%3Flang%3Dfr&amp;description=Le%20Canada%20sous%20un%20autre%20angle%20-%20Mars%202025%0D%0A%0D%0ALes%20%C3%A9l%C3%A8ves%20de%20l%26%2339%3B%C3%A9cole%20de%20langues%20MAGMA%20CLB5%2F6%20%C3%A0%20la%20projection%20de%20500%20Days%20in%20the%20Wild%3A%20un%20documentaire%20sur%206%20ans%20de%20travers%C3%A9e%20des%20sentiers%20terrestres%20et%20aquatiques%20du%20Canada%20d%26%2339%3Bun%20oc%C3%A9an%20%C3%A0%20l%26%2339%3Bautre%20...%20Merci%20aux%20professeurs%20Kate%20et%20Svitlana%20%21&amp;media=\" target=\"_blank\" rel=\"noopener noreferrer\" title=\"Pinterest\" aria-label=\"Pinterest\" data-placement=\"top\" data-toggle=\"tooltip\" data-title=\"Pinterest\"><i class=\"fusion-social-network-icon fusion-tooltip fusion-pinterest awb-icon-pinterest\" style=\"color:#ffffff;background-color:#bd081c;border-color:#bd081c;border-radius:4px;\" aria-hidden=\"true\"><\/i><\/a><\/span><\/div><\/div><\/div><\/div><div class=\"fusion-layout-column fusion_builder_column fusion-builder-column-4 fusion_builder_column_1_5 1_5 fusion-flex-column\" style=\"--awb-bg-blend:overlay;--awb-bg-size:cover;--awb-width-large:20%;--awb-margin-top-large:0px;--awb-spacing-right-large:4.9%;--awb-margin-bottom-large:20px;--awb-spacing-left-large:9.8%;--awb-width-medium:20%;--awb-spacing-right-medium:4.9%;--awb-spacing-left-medium:9.8%;--awb-width-small:20%;--awb-spacing-right-small:4.9%;--awb-spacing-left-small:9.8%;\"><div class=\"fusion-column-wrapper fusion-flex-justify-content-flex-start fusion-content-layout-column\"><div class=\"fusion-separator fusion-full-width-sep\" style=\"align-self: center;margin-left: auto;margin-right: auto;width:100%;\"><\/div><\/div><\/div><\/div><\/div><\/p>\n","protected":false},"excerpt":{"rendered":"","protected":false},"author":5,"featured_media":5082,"comment_status":"open","ping_status":"open","sticky":false,"template":"","format":"standard","meta":{"footnotes":""},"categories":[4],"tags":[],"class_list":["post-5061","post","type-post","status-publish","format-standard","has-post-thumbnail","hentry","category-non-classifiee"],"yoast_head":"<!-- This site is optimized with the Yoast SEO plugin v25.3 - https:\/\/yoast.com\/wordpress\/plugins\/seo\/ -->\n<title>L&#039;\u00e9cole de langues de L&#039;AMGM \u00e0 l&#039;ext\u00e9rieur - juin 2025 - MAGMA-AMGM<\/title>\n<meta name=\"robots\" content=\"index, follow, max-snippet:-1, max-image-preview:large, max-video-preview:-1\" \/>\n<link rel=\"canonical\" href=\"https:\/\/magma-amgm.org\/lecole-de-langues-magma-en-visite-juin-2025\/\" \/>\n<meta property=\"og:locale\" content=\"en_US\" \/>\n<meta property=\"og:type\" content=\"article\" \/>\n<meta property=\"og:title\" content=\"L&#039;\u00e9cole de langues de L&#039;AMGM \u00e0 l&#039;ext\u00e9rieur - juin 2025 - MAGMA-AMGM\" \/>\n<meta property=\"og:url\" content=\"https:\/\/magma-amgm.org\/lecole-de-langues-magma-en-visite-juin-2025\/?lang=fr\" \/>\n<meta property=\"og:site_name\" content=\"MAGMA-AMGM\" \/>\n<meta property=\"article:published_time\" content=\"2025-06-04T17:28:09+00:00\" \/>\n<meta property=\"article:modified_time\" content=\"2025-08-21T13:58:15+00:00\" \/>\n<meta property=\"og:image\" content=\"https:\/\/magma-amgm.org\/wp-content\/uploads\/2025\/06\/MAP_0237-2.jpg\" \/>\n\t<meta property=\"og:image:width\" content=\"1238\" \/>\n\t<meta property=\"og:image:height\" content=\"825\" \/>\n\t<meta property=\"og:image:type\" content=\"image\/jpeg\" \/>\n<meta name=\"author\" content=\"Alaa\" \/>\n<meta name=\"twitter:card\" content=\"summary_large_image\" \/>\n<meta name=\"twitter:label1\" content=\"Written by\" \/>\n\t<meta name=\"twitter:data1\" content=\"Alaa\" \/>\n\t<meta name=\"twitter:label2\" content=\"Est. reading time\" \/>\n\t<meta name=\"twitter:data2\" content=\"15 minutes\" \/>\n<script type=\"application\/ld+json\" class=\"yoast-schema-graph\">{\"@context\":\"https:\/\/schema.org\",\"@graph\":[{\"@type\":\"Article\",\"@id\":\"https:\/\/magma-amgm.org\/lecole-de-langues-magma-en-visite-juin-2025\/?lang=fr#article\",\"isPartOf\":{\"@id\":\"https:\/\/magma-amgm.org\/lecole-de-langues-magma-en-visite-juin-2025\/?lang=fr\"},\"author\":{\"name\":\"Alaa\",\"@id\":\"https:\/\/magma-amgm.org\/#\/schema\/person\/ef1580a36b587b08179e05958636493b\"},\"headline\":\"L&#8217;\u00e9cole de langues de L&#8217;AMGM \u00e0 l&#8217;ext\u00e9rieur &#8211; juin 2025\",\"datePublished\":\"2025-06-04T17:28:09+00:00\",\"dateModified\":\"2025-08-21T13:58:15+00:00\",\"mainEntityOfPage\":{\"@id\":\"https:\/\/magma-amgm.org\/lecole-de-langues-magma-en-visite-juin-2025\/?lang=fr\"},\"wordCount\":3054,\"commentCount\":0,\"publisher\":{\"@id\":\"https:\/\/magma-amgm.org\/#organization\"},\"image\":{\"@id\":\"https:\/\/magma-amgm.org\/lecole-de-langues-magma-en-visite-juin-2025\/?lang=fr#primaryimage\"},\"thumbnailUrl\":\"https:\/\/magma-amgm.org\/wp-content\/uploads\/2025\/06\/MAP_0237-2.jpg\",\"articleSection\":[\"Non classifi\u00e9(e)\"],\"inLanguage\":\"en-US\",\"potentialAction\":[{\"@type\":\"CommentAction\",\"name\":\"Comment\",\"target\":[\"https:\/\/magma-amgm.org\/lecole-de-langues-magma-en-visite-juin-2025\/?lang=fr#respond\"]}]},{\"@type\":\"WebPage\",\"@id\":\"https:\/\/magma-amgm.org\/lecole-de-langues-magma-en-visite-juin-2025\/?lang=fr\",\"url\":\"https:\/\/magma-amgm.org\/lecole-de-langues-magma-en-visite-juin-2025\/?lang=fr\",\"name\":\"L'\u00e9cole de langues de L'AMGM \u00e0 l'ext\u00e9rieur - juin 2025 - MAGMA-AMGM\",\"isPartOf\":{\"@id\":\"https:\/\/magma-amgm.org\/#website\"},\"primaryImageOfPage\":{\"@id\":\"https:\/\/magma-amgm.org\/lecole-de-langues-magma-en-visite-juin-2025\/?lang=fr#primaryimage\"},\"image\":{\"@id\":\"https:\/\/magma-amgm.org\/lecole-de-langues-magma-en-visite-juin-2025\/?lang=fr#primaryimage\"},\"thumbnailUrl\":\"https:\/\/magma-amgm.org\/wp-content\/uploads\/2025\/06\/MAP_0237-2.jpg\",\"datePublished\":\"2025-06-04T17:28:09+00:00\",\"dateModified\":\"2025-08-21T13:58:15+00:00\",\"breadcrumb\":{\"@id\":\"https:\/\/magma-amgm.org\/lecole-de-langues-magma-en-visite-juin-2025\/?lang=fr#breadcrumb\"},\"inLanguage\":\"en-US\",\"potentialAction\":[{\"@type\":\"ReadAction\",\"target\":[\"https:\/\/magma-amgm.org\/lecole-de-langues-magma-en-visite-juin-2025\/?lang=fr\"]}]},{\"@type\":\"ImageObject\",\"inLanguage\":\"en-US\",\"@id\":\"https:\/\/magma-amgm.org\/lecole-de-langues-magma-en-visite-juin-2025\/?lang=fr#primaryimage\",\"url\":\"https:\/\/magma-amgm.org\/wp-content\/uploads\/2025\/06\/MAP_0237-2.jpg\",\"contentUrl\":\"https:\/\/magma-amgm.org\/wp-content\/uploads\/2025\/06\/MAP_0237-2.jpg\",\"width\":1238,\"height\":825},{\"@type\":\"BreadcrumbList\",\"@id\":\"https:\/\/magma-amgm.org\/lecole-de-langues-magma-en-visite-juin-2025\/?lang=fr#breadcrumb\",\"itemListElement\":[{\"@type\":\"ListItem\",\"position\":1,\"name\":\"Home\",\"item\":\"https:\/\/magma-amgm.org\/\"},{\"@type\":\"ListItem\",\"position\":2,\"name\":\"L&rsquo;\u00e9cole de langues de L&rsquo;AMGM \u00e0 l&rsquo;ext\u00e9rieur &#8211; juin 2025\"}]},{\"@type\":\"WebSite\",\"@id\":\"https:\/\/magma-amgm.org\/#website\",\"url\":\"https:\/\/magma-amgm.org\/\",\"name\":\"MAGMA-AMGM\",\"description\":\"Largest Settlement Agency for Newcomers in New Brunswick\",\"publisher\":{\"@id\":\"https:\/\/magma-amgm.org\/#organization\"},\"potentialAction\":[{\"@type\":\"SearchAction\",\"target\":{\"@type\":\"EntryPoint\",\"urlTemplate\":\"https:\/\/magma-amgm.org\/?s={search_term_string}\"},\"query-input\":{\"@type\":\"PropertyValueSpecification\",\"valueRequired\":true,\"valueName\":\"search_term_string\"}}],\"inLanguage\":\"en-US\"},{\"@type\":\"Organization\",\"@id\":\"https:\/\/magma-amgm.org\/#organization\",\"name\":\"Multicultural Agency of the Greater Moncton Area\",\"url\":\"https:\/\/magma-amgm.org\/\",\"logo\":{\"@type\":\"ImageObject\",\"inLanguage\":\"en-US\",\"@id\":\"https:\/\/magma-amgm.org\/#\/schema\/logo\/image\/\",\"url\":\"\",\"contentUrl\":\"\",\"caption\":\"Multicultural Agency of the Greater Moncton Area\"},\"image\":{\"@id\":\"https:\/\/magma-amgm.org\/#\/schema\/logo\/image\/\"}},{\"@type\":\"Person\",\"@id\":\"https:\/\/magma-amgm.org\/#\/schema\/person\/ef1580a36b587b08179e05958636493b\",\"name\":\"Alaa\",\"image\":{\"@type\":\"ImageObject\",\"inLanguage\":\"en-US\",\"@id\":\"https:\/\/magma-amgm.org\/#\/schema\/person\/image\/\",\"url\":\"https:\/\/secure.gravatar.com\/avatar\/2daea4706fa4b8056a5882df3d906b7c?s=96&d=mm&r=g\",\"contentUrl\":\"https:\/\/secure.gravatar.com\/avatar\/2daea4706fa4b8056a5882df3d906b7c?s=96&d=mm&r=g\",\"caption\":\"Alaa\"},\"url\":\"https:\/\/magma-amgm.org\/author\/alaa\/\"}]}<\/script>\n<!-- \/ Yoast SEO plugin. -->","yoast_head_json":{"title":"L'\u00e9cole de langues de L'AMGM \u00e0 l'ext\u00e9rieur - juin 2025 - MAGMA-AMGM","robots":{"index":"index","follow":"follow","max-snippet":"max-snippet:-1","max-image-preview":"max-image-preview:large","max-video-preview":"max-video-preview:-1"},"canonical":"https:\/\/magma-amgm.org\/lecole-de-langues-magma-en-visite-juin-2025\/","og_locale":"en_US","og_type":"article","og_title":"L'\u00e9cole de langues de L'AMGM \u00e0 l'ext\u00e9rieur - juin 2025 - MAGMA-AMGM","og_url":"https:\/\/magma-amgm.org\/lecole-de-langues-magma-en-visite-juin-2025\/?lang=fr","og_site_name":"MAGMA-AMGM","article_published_time":"2025-06-04T17:28:09+00:00","article_modified_time":"2025-08-21T13:58:15+00:00","og_image":[{"width":1238,"height":825,"url":"https:\/\/magma-amgm.org\/wp-content\/uploads\/2025\/06\/MAP_0237-2.jpg","type":"image\/jpeg"}],"author":"Alaa","twitter_card":"summary_large_image","twitter_misc":{"Written by":"Alaa","Est. reading time":"15 minutes"},"schema":{"@context":"https:\/\/schema.org","@graph":[{"@type":"Article","@id":"https:\/\/magma-amgm.org\/lecole-de-langues-magma-en-visite-juin-2025\/?lang=fr#article","isPartOf":{"@id":"https:\/\/magma-amgm.org\/lecole-de-langues-magma-en-visite-juin-2025\/?lang=fr"},"author":{"name":"Alaa","@id":"https:\/\/magma-amgm.org\/#\/schema\/person\/ef1580a36b587b08179e05958636493b"},"headline":"L&#8217;\u00e9cole de langues de L&#8217;AMGM \u00e0 l&#8217;ext\u00e9rieur &#8211; juin 2025","datePublished":"2025-06-04T17:28:09+00:00","dateModified":"2025-08-21T13:58:15+00:00","mainEntityOfPage":{"@id":"https:\/\/magma-amgm.org\/lecole-de-langues-magma-en-visite-juin-2025\/?lang=fr"},"wordCount":3054,"commentCount":0,"publisher":{"@id":"https:\/\/magma-amgm.org\/#organization"},"image":{"@id":"https:\/\/magma-amgm.org\/lecole-de-langues-magma-en-visite-juin-2025\/?lang=fr#primaryimage"},"thumbnailUrl":"https:\/\/magma-amgm.org\/wp-content\/uploads\/2025\/06\/MAP_0237-2.jpg","articleSection":["Non classifi\u00e9(e)"],"inLanguage":"en-US","potentialAction":[{"@type":"CommentAction","name":"Comment","target":["https:\/\/magma-amgm.org\/lecole-de-langues-magma-en-visite-juin-2025\/?lang=fr#respond"]}]},{"@type":"WebPage","@id":"https:\/\/magma-amgm.org\/lecole-de-langues-magma-en-visite-juin-2025\/?lang=fr","url":"https:\/\/magma-amgm.org\/lecole-de-langues-magma-en-visite-juin-2025\/?lang=fr","name":"L'\u00e9cole de langues de L'AMGM \u00e0 l'ext\u00e9rieur - juin 2025 - MAGMA-AMGM","isPartOf":{"@id":"https:\/\/magma-amgm.org\/#website"},"primaryImageOfPage":{"@id":"https:\/\/magma-amgm.org\/lecole-de-langues-magma-en-visite-juin-2025\/?lang=fr#primaryimage"},"image":{"@id":"https:\/\/magma-amgm.org\/lecole-de-langues-magma-en-visite-juin-2025\/?lang=fr#primaryimage"},"thumbnailUrl":"https:\/\/magma-amgm.org\/wp-content\/uploads\/2025\/06\/MAP_0237-2.jpg","datePublished":"2025-06-04T17:28:09+00:00","dateModified":"2025-08-21T13:58:15+00:00","breadcrumb":{"@id":"https:\/\/magma-amgm.org\/lecole-de-langues-magma-en-visite-juin-2025\/?lang=fr#breadcrumb"},"inLanguage":"en-US","potentialAction":[{"@type":"ReadAction","target":["https:\/\/magma-amgm.org\/lecole-de-langues-magma-en-visite-juin-2025\/?lang=fr"]}]},{"@type":"ImageObject","inLanguage":"en-US","@id":"https:\/\/magma-amgm.org\/lecole-de-langues-magma-en-visite-juin-2025\/?lang=fr#primaryimage","url":"https:\/\/magma-amgm.org\/wp-content\/uploads\/2025\/06\/MAP_0237-2.jpg","contentUrl":"https:\/\/magma-amgm.org\/wp-content\/uploads\/2025\/06\/MAP_0237-2.jpg","width":1238,"height":825},{"@type":"BreadcrumbList","@id":"https:\/\/magma-amgm.org\/lecole-de-langues-magma-en-visite-juin-2025\/?lang=fr#breadcrumb","itemListElement":[{"@type":"ListItem","position":1,"name":"Home","item":"https:\/\/magma-amgm.org\/"},{"@type":"ListItem","position":2,"name":"L&rsquo;\u00e9cole de langues de L&rsquo;AMGM \u00e0 l&rsquo;ext\u00e9rieur &#8211; juin 2025"}]},{"@type":"WebSite","@id":"https:\/\/magma-amgm.org\/#website","url":"https:\/\/magma-amgm.org\/","name":"MAGMA-AMGM","description":"Largest Settlement Agency for Newcomers in New Brunswick","publisher":{"@id":"https:\/\/magma-amgm.org\/#organization"},"potentialAction":[{"@type":"SearchAction","target":{"@type":"EntryPoint","urlTemplate":"https:\/\/magma-amgm.org\/?s={search_term_string}"},"query-input":{"@type":"PropertyValueSpecification","valueRequired":true,"valueName":"search_term_string"}}],"inLanguage":"en-US"},{"@type":"Organization","@id":"https:\/\/magma-amgm.org\/#organization","name":"Multicultural Agency of the Greater Moncton Area","url":"https:\/\/magma-amgm.org\/","logo":{"@type":"ImageObject","inLanguage":"en-US","@id":"https:\/\/magma-amgm.org\/#\/schema\/logo\/image\/","url":"","contentUrl":"","caption":"Multicultural Agency of the Greater Moncton Area"},"image":{"@id":"https:\/\/magma-amgm.org\/#\/schema\/logo\/image\/"}},{"@type":"Person","@id":"https:\/\/magma-amgm.org\/#\/schema\/person\/ef1580a36b587b08179e05958636493b","name":"Alaa","image":{"@type":"ImageObject","inLanguage":"en-US","@id":"https:\/\/magma-amgm.org\/#\/schema\/person\/image\/","url":"https:\/\/secure.gravatar.com\/avatar\/2daea4706fa4b8056a5882df3d906b7c?s=96&d=mm&r=g","contentUrl":"https:\/\/secure.gravatar.com\/avatar\/2daea4706fa4b8056a5882df3d906b7c?s=96&d=mm&r=g","caption":"Alaa"},"url":"https:\/\/magma-amgm.org\/author\/alaa\/"}]}},"_links":{"self":[{"href":"https:\/\/magma-amgm.org\/wp-json\/wp\/v2\/posts\/5061","targetHints":{"allow":["GET"]}}],"collection":[{"href":"https:\/\/magma-amgm.org\/wp-json\/wp\/v2\/posts"}],"about":[{"href":"https:\/\/magma-amgm.org\/wp-json\/wp\/v2\/types\/post"}],"author":[{"embeddable":true,"href":"https:\/\/magma-amgm.org\/wp-json\/wp\/v2\/users\/5"}],"replies":[{"embeddable":true,"href":"https:\/\/magma-amgm.org\/wp-json\/wp\/v2\/comments?post=5061"}],"version-history":[{"count":9,"href":"https:\/\/magma-amgm.org\/wp-json\/wp\/v2\/posts\/5061\/revisions"}],"predecessor-version":[{"id":5309,"href":"https:\/\/magma-amgm.org\/wp-json\/wp\/v2\/posts\/5061\/revisions\/5309"}],"wp:featuredmedia":[{"embeddable":true,"href":"https:\/\/magma-amgm.org\/wp-json\/wp\/v2\/media\/5082"}],"wp:attachment":[{"href":"https:\/\/magma-amgm.org\/wp-json\/wp\/v2\/media?parent=5061"}],"wp:term":[{"taxonomy":"category","embeddable":true,"href":"https:\/\/magma-amgm.org\/wp-json\/wp\/v2\/categories?post=5061"},{"taxonomy":"post_tag","embeddable":true,"href":"https:\/\/magma-amgm.org\/wp-json\/wp\/v2\/tags?post=5061"}],"curies":[{"name":"wp","href":"https:\/\/api.w.org\/{rel}","templated":true}]}}